{"id":10004,"date":"2021-10-26T12:59:34","date_gmt":"2021-10-26T08:59:34","guid":{"rendered":"https:\/\/incofincvso.be\/le-deuxieme-trimestre-se-confirme-avec-un-resultat-positif\/"},"modified":"2021-10-26T13:31:24","modified_gmt":"2021-10-26T09:31:24","slug":"le-deuxieme-trimestre-se-confirme-avec-un-resultat-positif","status":"publish","type":"post","link":"https:\/\/incofincvso.be\/fr\/le-deuxieme-trimestre-se-confirme-avec-un-resultat-positif\/","title":{"rendered":"Le deuxi\u00e8me trimestre se confirme avec un r\u00e9sultat positif"},"content":{"rendered":"<p><strong>Le portefeuille reste stable<\/strong><\/p>\n<p>Vu la politique d&rsquo;investissement prudente qu&rsquo;Incofin Microfinance Fund continue d&rsquo;appliquer, la taille du portefeuille est rest\u00e9e stable, \u00e0 72 millions d&rsquo;euros par rapport \u00e0 fin 2020.<\/p>\n<p>&nbsp;<\/p>\n<p><strong>Incofin Microfinance Fund accro\u00eet son impact<\/strong><\/p>\n<p>Alors que, fin 2020, les investissements d&rsquo;Incofin Microfinance Fund touchaient encore 4,7 millions d&rsquo;entrepreneurs, le chiffre a d\u00e9sormais augment\u00e9 jusqu&rsquo;\u00e0 5,2 millions de microentrepreneurs (dont 83% de femmes)\u00a0 via 45 organisations partenaires dans 29 pays. Au premier semestre 2021, Incofin Microfinance Fund a investi 15,6 millions de&rsquo;euros dans ses organisations partenaires.<\/p>\n<p>&nbsp;<\/p>\n<p><strong>De nouveau un r\u00e9sultat positif<\/strong><\/p>\n<p>Apr\u00e8s une ann\u00e9e 2020 difficile, Incofin Microfinance Fund renoue avec un r\u00e9sultat positif de 507 000 euros au deuxi\u00e8me trimestre 2021.<\/p>\n<p>&nbsp;<\/p>\n<p><strong>Les investisseurs restent fid\u00e8les \u00e0 Incofin Microfinance Fund<\/strong><\/p>\n<p>Il appara\u00eet une fois de plus que les actionnaires d&rsquo;Incofin Microfinance Fund restent fid\u00e8lent au fonds. Au 30 juin, Incofin Microfinance Fund comptait 2 560 actionnaires. Cela signifie que nous avons pu accueillir pr\u00e9cis\u00e9ment 6 nouveaux actionnaires depuis le d\u00e9but de l&rsquo;ann\u00e9e. Nous voyons aussin une l\u00e9g\u00e8re augmentation du capital g\u00e9r\u00e9: + 313 000 euros.<\/p>\n<p>&nbsp;<\/p>\n\n<table id=\"tablepress-8\" class=\"tablepress tablepress-id-8\">\n<thead>\n<tr class=\"row-1\">\n\t<th class=\"column-1\"><strong> Chiffres de bilan (en milliers d'euros)<\/strong><\/th><th class=\"column-2\"><strong>06\/2021<\/strong><\/th><th class=\"column-3\"><strong>12\/2020<\/strong><\/th>\n<\/tr>\n<\/thead>\n<tbody class=\"row-striping row-hover\">\n<tr class=\"row-2\">\n\t<td class=\"column-1\"><strong>Portefeuille<\/strong><\/td><td class=\"column-2\"><strong>71,6<\/strong><\/td><td class=\"column-3\"><strong>75,2<\/strong><\/td>\n<\/tr>\n<tr class=\"row-3\">\n\t<td class=\"column-1\">Pr\u00eats<\/td><td class=\"column-2\">44,0<\/td><td class=\"column-3\">46,8<\/td>\n<\/tr>\n<tr class=\"row-4\">\n\t<td class=\"column-1\">Pr\u00eats subordonn\u00e9s<\/td><td class=\"column-2\">12,0<\/td><td class=\"column-3\">13,0<\/td>\n<\/tr>\n<tr class=\"row-5\">\n\t<td class=\"column-1\">Participations<\/td><td class=\"column-2\">15,7<\/td><td class=\"column-3\">15,4<\/td>\n<\/tr>\n<tr class=\"row-6\">\n\t<td class=\"column-1\"><em>Nombre d'investissements<\/em><\/td><td class=\"column-2\"><em>55<\/em><\/td><td class=\"column-3\"><em>58<\/em><\/td>\n<\/tr>\n<tr class=\"row-7\">\n\t<td class=\"column-1\"><strong>R\u00e9ductions de valeur et provisions<\/strong><\/td><td class=\"column-2\"><\/td><td class=\"column-3\"><\/td>\n<\/tr>\n<tr class=\"row-8\">\n\t<td class=\"column-1\">Provisions<\/td><td class=\"column-2\">2,0<\/td><td class=\"column-3\">4,1<\/td>\n<\/tr>\n<tr class=\"row-9\">\n\t<td class=\"column-1\">% Portefeuille de pr\u00eats total<\/td><td class=\"column-2\">3,6%<\/td><td class=\"column-3\">6,8%<\/td>\n<\/tr>\n<tr class=\"row-10\">\n\t<td class=\"column-1\">PAR 30<\/td><td class=\"column-2\">9,2%<\/td><td class=\"column-3\">5,8%<\/td>\n<\/tr>\n<tr class=\"row-11\">\n\t<td class=\"column-1\">PAR 30 + restructurations<\/td><td class=\"column-2\">12,8%<\/td><td class=\"column-3\">15,3%<\/td>\n<\/tr>\n<tr class=\"row-12\">\n\t<td class=\"column-1\"><strong>Financement<\/strong><\/td><td class=\"column-2\"><\/td><td class=\"column-3\"><\/td>\n<\/tr>\n<tr class=\"row-13\">\n\t<td class=\"column-1\">Capital et r\u00e9serves<\/td><td class=\"column-2\">49,7<\/td><td class=\"column-3\">49,4<\/td>\n<\/tr>\n<tr class=\"row-14\">\n\t<td class=\"column-1\">R\u00e9sultat report\u00e9<\/td><td class=\"column-2\">3,8<\/td><td class=\"column-3\">5,4<\/td>\n<\/tr>\n<tr class=\"row-15\">\n\t<td class=\"column-1\">Fonds emprunt\u00e9s<\/td><td class=\"column-2\">26,0<\/td><td class=\"column-3\">28,2<\/td>\n<\/tr>\n<tr class=\"row-16\">\n\t<td class=\"column-1\">Cr\u00e9dits disponibles et liquidit\u00e9s<\/td><td class=\"column-2\">13,9<\/td><td class=\"column-3\">13,7<\/td>\n<\/tr>\n<tr class=\"row-17\">\n\t<td class=\"column-1\"><strong>valeur par action (en euros)<\/strong><\/td><td class=\"column-2\"><\/td><td class=\"column-3\"><\/td>\n<\/tr>\n<tr class=\"row-18\">\n\t<td class=\"column-1\">Net asset value (NAV)<\/td><td class=\"column-2\">2 919<\/td><td class=\"column-3\">2 894<\/td>\n<\/tr>\n<tr class=\"row-19\">\n\t<td class=\"column-1\">Valeur nominale<\/td><td class=\"column-2\">2 604<\/td><td class=\"column-3\">2 604<\/td>\n<\/tr>\n<tr class=\"row-20\">\n\t<td class=\"column-1\"><em>Nombre d'actionnaires<\/em><\/td><td class=\"column-2\"><em>2.560<\/em><\/td><td class=\"column-3\"><em>2.554<\/em><\/td>\n<\/tr>\n<tr class=\"row-21\">\n\t<td class=\"column-1\"><strong>COMPTE DE R\u00c9SULTATS (en milliers d'euros)<\/strong><\/td><td class=\"column-2\"><strong>06\/2021<\/strong><\/td><td class=\"column-3\"><strong>12\/2020<\/strong><\/td>\n<\/tr>\n<tr class=\"row-22\">\n\t<td class=\"column-1\">Portefeuille de participations<\/td><td class=\"column-2\">0,3<\/td><td class=\"column-3\">0,9<\/td>\n<\/tr>\n<tr class=\"row-23\">\n\t<td class=\"column-1\">Portefeuille de pr\u00eats (senior + subordonn\u00e9s)<\/td><td class=\"column-2\">-1,0<\/td><td class=\"column-3\">3,2<\/td>\n<\/tr>\n<tr class=\"row-24\">\n\t<td class=\"column-1\">Provisions<\/td><td class=\"column-2\">2,1<\/td><td class=\"column-3\">-2,9<\/td>\n<\/tr>\n<tr class=\"row-25\">\n\t<td class=\"column-1\">Co\u00fbts op\u00e9rationnels<\/td><td class=\"column-2\">-0,7<\/td><td class=\"column-3\">-1,6<\/td>\n<\/tr>\n<tr class=\"row-26\">\n\t<td class=\"column-1\">Autres profits<\/td><td class=\"column-2\">0,2<\/td><td class=\"column-3\">0,1<\/td>\n<\/tr>\n<tr class=\"row-27\">\n\t<td class=\"column-1\"><strong>R\u00e9sultat op\u00e9rationnel (EBIT)<\/strong><\/td><td class=\"column-2\"><strong>0,9<\/strong><\/td><td class=\"column-3\"><strong>-0,2<\/strong><\/td>\n<\/tr>\n<tr class=\"row-28\">\n\t<td class=\"column-1\">R\u00e9sultats financiers<\/td><td class=\"column-2\">-0,3<\/td><td class=\"column-3\">-1,0<\/td>\n<\/tr>\n<tr class=\"row-29\">\n\t<td class=\"column-1\">Imp\u00f4ts<\/td><td class=\"column-2\">-0,1<\/td><td class=\"column-3\">-0,4<\/td>\n<\/tr>\n<tr class=\"row-30\">\n\t<td class=\"column-1\"><strong>R\u00e9sultat apr\u00e8s imp\u00f4ts<\/strong><\/td><td class=\"column-2\"><strong>0,5<\/strong><\/td><td class=\"column-3\"><strong>-1,6<\/strong><\/td>\n<\/tr>\n<\/tbody>\n<\/table>\n\n","protected":false},"excerpt":{"rendered":"<p>Le portefeuille reste stable Vu la politique d&rsquo;investissement prudente qu&rsquo;Incofin Microfinance Fund continue d&rsquo;appliquer, la taille du portefeuille est rest\u00e9e stable, \u00e0 72 millions d&rsquo;euros par rapport \u00e0 fin 2020. &nbsp; Incofin Microfinance Fund accro\u00eet son impact Alors que, fin 2020, les investissements d&rsquo;Incofin Microfinance Fund touchaient encore 4,7 millions d&rsquo;entrepreneurs, le chiffre a d\u00e9sormais augment\u00e9 jusqu&rsquo;\u00e0 5,2 millions de [&hellip;]<\/p>\n","protected":false},"author":2,"featured_media":0,"comment_status":"closed","ping_status":"closed","sticky":false,"template":"","format":"standard","meta":{"_acf_changed":false,"footnotes":""},"categories":[4],"tags":[],"class_list":["post-10004","post","type-post","status-publish","format-standard","hentry","category-non-classifiee"],"acf":[],"yoast_head":"<!-- This site is optimized with the Yoast SEO plugin v25.0 - https:\/\/yoast.com\/wordpress\/plugins\/seo\/ -->\n<title>Le deuxi\u00e8me trimestre se confirme avec un r\u00e9sultat positif &#8226; Incofin Microfinance Fund<\/title>\n<meta name=\"robots\" content=\"index, follow, max-snippet:-1, max-image-preview:large, max-video-preview:-1\" \/>\n<link rel=\"canonical\" href=\"https:\/\/incofincvso.be\/tweede-kwartaal-bevestigt-met-positief-resultaat\/\" \/>\n<meta property=\"og:locale\" content=\"fr_FR\" \/>\n<meta property=\"og:type\" content=\"article\" \/>\n<meta property=\"og:title\" content=\"Le deuxi\u00e8me trimestre se confirme avec un r\u00e9sultat positif &#8226; Incofin Microfinance Fund\" \/>\n<meta property=\"og:description\" content=\"Le portefeuille reste stable Vu la politique d&rsquo;investissement prudente qu&rsquo;Incofin Microfinance Fund continue d&rsquo;appliquer, la taille du portefeuille est rest\u00e9e stable, \u00e0 72 millions d&rsquo;euros par rapport \u00e0 fin 2020. &nbsp; Incofin Microfinance Fund accro\u00eet son impact Alors que, fin 2020, les investissements d&rsquo;Incofin Microfinance Fund touchaient encore 4,7 millions d&rsquo;entrepreneurs, le chiffre a d\u00e9sormais augment\u00e9 jusqu&rsquo;\u00e0 5,2 millions de [&hellip;]\" \/>\n<meta property=\"og:url\" content=\"https:\/\/incofincvso.be\/tweede-kwartaal-bevestigt-met-positief-resultaat\/\" \/>\n<meta property=\"og:site_name\" content=\"Incofin Microfinance Fund\" \/>\n<meta property=\"article:publisher\" content=\"https:\/\/www.facebook.com\/Incofin\/\" \/>\n<meta property=\"article:published_time\" content=\"2021-10-26T08:59:34+00:00\" \/>\n<meta property=\"article:modified_time\" content=\"2021-10-26T09:31:24+00:00\" \/>\n<meta name=\"author\" content=\"Admin Incofin\" \/>\n<meta name=\"twitter:card\" content=\"summary_large_image\" \/>\n<meta name=\"twitter:label1\" content=\"\u00c9crit par\" \/>\n\t<meta name=\"twitter:data1\" content=\"Admin Incofin\" \/>\n\t<meta name=\"twitter:label2\" content=\"Dur\u00e9e de lecture estim\u00e9e\" \/>\n\t<meta name=\"twitter:data2\" content=\"1 minute\" \/>\n<script type=\"application\/ld+json\" class=\"yoast-schema-graph\">{\"@context\":\"https:\/\/schema.org\",\"@graph\":[{\"@type\":\"Article\",\"@id\":\"https:\/\/incofincvso.be\/tweede-kwartaal-bevestigt-met-positief-resultaat\/#article\",\"isPartOf\":{\"@id\":\"https:\/\/incofincvso.be\/tweede-kwartaal-bevestigt-met-positief-resultaat\/\"},\"author\":{\"name\":\"Admin Incofin\",\"@id\":\"https:\/\/incofincvso.be\/#\/schema\/person\/f03a0b3dfb41b63e802008bd7fcb092a\"},\"headline\":\"Le deuxi\u00e8me trimestre se confirme avec un r\u00e9sultat positif\",\"datePublished\":\"2021-10-26T08:59:34+00:00\",\"dateModified\":\"2021-10-26T09:31:24+00:00\",\"mainEntityOfPage\":{\"@id\":\"https:\/\/incofincvso.be\/tweede-kwartaal-bevestigt-met-positief-resultaat\/\"},\"wordCount\":187,\"publisher\":{\"@id\":\"https:\/\/incofincvso.be\/#organization\"},\"articleSection\":[\"Non classifi\u00e9(e)\"],\"inLanguage\":\"fr-FR\"},{\"@type\":\"WebPage\",\"@id\":\"https:\/\/incofincvso.be\/tweede-kwartaal-bevestigt-met-positief-resultaat\/\",\"url\":\"https:\/\/incofincvso.be\/tweede-kwartaal-bevestigt-met-positief-resultaat\/\",\"name\":\"Le deuxi\u00e8me trimestre se confirme avec un r\u00e9sultat positif &#8226; Incofin Microfinance Fund\",\"isPartOf\":{\"@id\":\"https:\/\/incofincvso.be\/#website\"},\"datePublished\":\"2021-10-26T08:59:34+00:00\",\"dateModified\":\"2021-10-26T09:31:24+00:00\",\"breadcrumb\":{\"@id\":\"https:\/\/incofincvso.be\/tweede-kwartaal-bevestigt-met-positief-resultaat\/#breadcrumb\"},\"inLanguage\":\"fr-FR\",\"potentialAction\":[{\"@type\":\"ReadAction\",\"target\":[\"https:\/\/incofincvso.be\/tweede-kwartaal-bevestigt-met-positief-resultaat\/\"]}]},{\"@type\":\"BreadcrumbList\",\"@id\":\"https:\/\/incofincvso.be\/tweede-kwartaal-bevestigt-met-positief-resultaat\/#breadcrumb\",\"itemListElement\":[{\"@type\":\"ListItem\",\"position\":1,\"name\":\"Home\",\"item\":\"https:\/\/incofincvso.be\/fr\/\"},{\"@type\":\"ListItem\",\"position\":2,\"name\":\"Le deuxi\u00e8me trimestre se confirme avec un r\u00e9sultat positif\"}]},{\"@type\":\"WebSite\",\"@id\":\"https:\/\/incofincvso.be\/#website\",\"url\":\"https:\/\/incofincvso.be\/\",\"name\":\"Incofin Microfinance Fund\",\"description\":\"Vooruitgang maken we samen waar\",\"publisher\":{\"@id\":\"https:\/\/incofincvso.be\/#organization\"},\"potentialAction\":[{\"@type\":\"SearchAction\",\"target\":{\"@type\":\"EntryPoint\",\"urlTemplate\":\"https:\/\/incofincvso.be\/?s={search_term_string}\"},\"query-input\":{\"@type\":\"PropertyValueSpecification\",\"valueRequired\":true,\"valueName\":\"search_term_string\"}}],\"inLanguage\":\"fr-FR\"},{\"@type\":\"Organization\",\"@id\":\"https:\/\/incofincvso.be\/#organization\",\"name\":\"Incofin Microfinance Fund\",\"url\":\"https:\/\/incofincvso.be\/\",\"logo\":{\"@type\":\"ImageObject\",\"inLanguage\":\"fr-FR\",\"@id\":\"https:\/\/incofincvso.be\/#\/schema\/logo\/image\/\",\"url\":\"https:\/\/incofincvso.be\/wp-content\/uploads\/2017\/09\/logo-l.png\",\"contentUrl\":\"https:\/\/incofincvso.be\/wp-content\/uploads\/2017\/09\/logo-l.png\",\"width\":1138,\"height\":1017,\"caption\":\"Incofin Microfinance Fund\"},\"image\":{\"@id\":\"https:\/\/incofincvso.be\/#\/schema\/logo\/image\/\"},\"sameAs\":[\"https:\/\/www.facebook.com\/Incofin\/\",\"https:\/\/www.youtube.com\/channel\/UCCealVeFikPrvQL1ASLS_Kg\"]},{\"@type\":\"Person\",\"@id\":\"https:\/\/incofincvso.be\/#\/schema\/person\/f03a0b3dfb41b63e802008bd7fcb092a\",\"name\":\"Admin Incofin\",\"image\":{\"@type\":\"ImageObject\",\"inLanguage\":\"fr-FR\",\"@id\":\"https:\/\/incofincvso.be\/#\/schema\/person\/image\/\",\"url\":\"https:\/\/secure.gravatar.com\/avatar\/c23f3f8ffb49a91e7d43b0601da14203a0ea87d5f75f8771b95b7168b5b1978c?s=96&d=mm&r=g\",\"contentUrl\":\"https:\/\/secure.gravatar.com\/avatar\/c23f3f8ffb49a91e7d43b0601da14203a0ea87d5f75f8771b95b7168b5b1978c?s=96&d=mm&r=g\",\"caption\":\"Admin Incofin\"},\"url\":\"https:\/\/incofincvso.be\/fr\/author\/incofin-admin\/\"}]}<\/script>\n<!-- \/ Yoast SEO plugin. -->","yoast_head_json":{"title":"Le deuxi\u00e8me trimestre se confirme avec un r\u00e9sultat positif &#8226; Incofin Microfinance Fund","robots":{"index":"index","follow":"follow","max-snippet":"max-snippet:-1","max-image-preview":"max-image-preview:large","max-video-preview":"max-video-preview:-1"},"canonical":"https:\/\/incofincvso.be\/tweede-kwartaal-bevestigt-met-positief-resultaat\/","og_locale":"fr_FR","og_type":"article","og_title":"Le deuxi\u00e8me trimestre se confirme avec un r\u00e9sultat positif &#8226; Incofin Microfinance Fund","og_description":"Le portefeuille reste stable Vu la politique d&rsquo;investissement prudente qu&rsquo;Incofin Microfinance Fund continue d&rsquo;appliquer, la taille du portefeuille est rest\u00e9e stable, \u00e0 72 millions d&rsquo;euros par rapport \u00e0 fin 2020. &nbsp; Incofin Microfinance Fund accro\u00eet son impact Alors que, fin 2020, les investissements d&rsquo;Incofin Microfinance Fund touchaient encore 4,7 millions d&rsquo;entrepreneurs, le chiffre a d\u00e9sormais augment\u00e9 jusqu&rsquo;\u00e0 5,2 millions de [&hellip;]","og_url":"https:\/\/incofincvso.be\/tweede-kwartaal-bevestigt-met-positief-resultaat\/","og_site_name":"Incofin Microfinance Fund","article_publisher":"https:\/\/www.facebook.com\/Incofin\/","article_published_time":"2021-10-26T08:59:34+00:00","article_modified_time":"2021-10-26T09:31:24+00:00","author":"Admin Incofin","twitter_card":"summary_large_image","twitter_misc":{"\u00c9crit par":"Admin Incofin","Dur\u00e9e de lecture estim\u00e9e":"1 minute"},"schema":{"@context":"https:\/\/schema.org","@graph":[{"@type":"Article","@id":"https:\/\/incofincvso.be\/tweede-kwartaal-bevestigt-met-positief-resultaat\/#article","isPartOf":{"@id":"https:\/\/incofincvso.be\/tweede-kwartaal-bevestigt-met-positief-resultaat\/"},"author":{"name":"Admin Incofin","@id":"https:\/\/incofincvso.be\/#\/schema\/person\/f03a0b3dfb41b63e802008bd7fcb092a"},"headline":"Le deuxi\u00e8me trimestre se confirme avec un r\u00e9sultat positif","datePublished":"2021-10-26T08:59:34+00:00","dateModified":"2021-10-26T09:31:24+00:00","mainEntityOfPage":{"@id":"https:\/\/incofincvso.be\/tweede-kwartaal-bevestigt-met-positief-resultaat\/"},"wordCount":187,"publisher":{"@id":"https:\/\/incofincvso.be\/#organization"},"articleSection":["Non classifi\u00e9(e)"],"inLanguage":"fr-FR"},{"@type":"WebPage","@id":"https:\/\/incofincvso.be\/tweede-kwartaal-bevestigt-met-positief-resultaat\/","url":"https:\/\/incofincvso.be\/tweede-kwartaal-bevestigt-met-positief-resultaat\/","name":"Le deuxi\u00e8me trimestre se confirme avec un r\u00e9sultat positif &#8226; Incofin Microfinance Fund","isPartOf":{"@id":"https:\/\/incofincvso.be\/#website"},"datePublished":"2021-10-26T08:59:34+00:00","dateModified":"2021-10-26T09:31:24+00:00","breadcrumb":{"@id":"https:\/\/incofincvso.be\/tweede-kwartaal-bevestigt-met-positief-resultaat\/#breadcrumb"},"inLanguage":"fr-FR","potentialAction":[{"@type":"ReadAction","target":["https:\/\/incofincvso.be\/tweede-kwartaal-bevestigt-met-positief-resultaat\/"]}]},{"@type":"BreadcrumbList","@id":"https:\/\/incofincvso.be\/tweede-kwartaal-bevestigt-met-positief-resultaat\/#breadcrumb","itemListElement":[{"@type":"ListItem","position":1,"name":"Home","item":"https:\/\/incofincvso.be\/fr\/"},{"@type":"ListItem","position":2,"name":"Le deuxi\u00e8me trimestre se confirme avec un r\u00e9sultat positif"}]},{"@type":"WebSite","@id":"https:\/\/incofincvso.be\/#website","url":"https:\/\/incofincvso.be\/","name":"Incofin Microfinance Fund","description":"Vooruitgang maken we samen waar","publisher":{"@id":"https:\/\/incofincvso.be\/#organization"},"potentialAction":[{"@type":"SearchAction","target":{"@type":"EntryPoint","urlTemplate":"https:\/\/incofincvso.be\/?s={search_term_string}"},"query-input":{"@type":"PropertyValueSpecification","valueRequired":true,"valueName":"search_term_string"}}],"inLanguage":"fr-FR"},{"@type":"Organization","@id":"https:\/\/incofincvso.be\/#organization","name":"Incofin Microfinance Fund","url":"https:\/\/incofincvso.be\/","logo":{"@type":"ImageObject","inLanguage":"fr-FR","@id":"https:\/\/incofincvso.be\/#\/schema\/logo\/image\/","url":"https:\/\/incofincvso.be\/wp-content\/uploads\/2017\/09\/logo-l.png","contentUrl":"https:\/\/incofincvso.be\/wp-content\/uploads\/2017\/09\/logo-l.png","width":1138,"height":1017,"caption":"Incofin Microfinance Fund"},"image":{"@id":"https:\/\/incofincvso.be\/#\/schema\/logo\/image\/"},"sameAs":["https:\/\/www.facebook.com\/Incofin\/","https:\/\/www.youtube.com\/channel\/UCCealVeFikPrvQL1ASLS_Kg"]},{"@type":"Person","@id":"https:\/\/incofincvso.be\/#\/schema\/person\/f03a0b3dfb41b63e802008bd7fcb092a","name":"Admin Incofin","image":{"@type":"ImageObject","inLanguage":"fr-FR","@id":"https:\/\/incofincvso.be\/#\/schema\/person\/image\/","url":"https:\/\/secure.gravatar.com\/avatar\/c23f3f8ffb49a91e7d43b0601da14203a0ea87d5f75f8771b95b7168b5b1978c?s=96&d=mm&r=g","contentUrl":"https:\/\/secure.gravatar.com\/avatar\/c23f3f8ffb49a91e7d43b0601da14203a0ea87d5f75f8771b95b7168b5b1978c?s=96&d=mm&r=g","caption":"Admin Incofin"},"url":"https:\/\/incofincvso.be\/fr\/author\/incofin-admin\/"}]}},"_links":{"self":[{"href":"https:\/\/incofincvso.be\/fr\/wp-json\/wp\/v2\/posts\/10004","targetHints":{"allow":["GET"]}}],"collection":[{"href":"https:\/\/incofincvso.be\/fr\/wp-json\/wp\/v2\/posts"}],"about":[{"href":"https:\/\/incofincvso.be\/fr\/wp-json\/wp\/v2\/types\/post"}],"author":[{"embeddable":true,"href":"https:\/\/incofincvso.be\/fr\/wp-json\/wp\/v2\/users\/2"}],"replies":[{"embeddable":true,"href":"https:\/\/incofincvso.be\/fr\/wp-json\/wp\/v2\/comments?post=10004"}],"version-history":[{"count":0,"href":"https:\/\/incofincvso.be\/fr\/wp-json\/wp\/v2\/posts\/10004\/revisions"}],"wp:attachment":[{"href":"https:\/\/incofincvso.be\/fr\/wp-json\/wp\/v2\/media?parent=10004"}],"wp:term":[{"taxonomy":"category","embeddable":true,"href":"https:\/\/incofincvso.be\/fr\/wp-json\/wp\/v2\/categories?post=10004"},{"taxonomy":"post_tag","embeddable":true,"href":"https:\/\/incofincvso.be\/fr\/wp-json\/wp\/v2\/tags?post=10004"}],"curies":[{"name":"wp","href":"https:\/\/api.w.org\/{rel}","templated":true}]}}